{"id":33,"date":"2025-07-02T11:59:00","date_gmt":"2025-07-02T09:59:00","guid":{"rendered":"https:\/\/bynet.pl\/blog\/?p=33"},"modified":"2026-01-01T15:54:15","modified_gmt":"2026-01-01T14:54:15","slug":"ochrona-wlosow-przed-sloncem-poznaj-skuteczne-sposoby","status":"publish","type":"post","link":"https:\/\/bynet.pl\/blog\/ochrona-wlosow-przed-sloncem-poznaj-skuteczne-sposoby\/","title":{"rendered":"Ochrona w\u0142os\u00f3w przed s\u0142o\u0144cem &#8211; poznaj skuteczne sposoby!"},"content":{"rendered":"\n    <div class=\"ads-by-google-container\" style=\"background: var(--theme-palette-color-6); padding: 10px; margin: 20px 0; position: relative; border-radius: 7px; margin: 0 auto;\">\n        <div style=\"position: absolute; top: 50%; left: 50%; transform: translate(-50%, -50%); color: #ddd; opacity: .5;\"><div class=\"ad-picture\"><img decoding=\"async\" src=\"\/blog\/wp-content\/themes\/bynet\/theme-functions\/assets\/img\/ads.svg\" width=\"21px\" height=\"21px\" alt=\"Reklamy Ads By Google\"><\/div><\/div>\n        <script async src=\"https:\/\/pagead2.googlesyndication.com\/pagead\/js\/adsbygoogle.js?client=ca-pub-2605356546213073\"><\/script>\n        <center><ins class=\"adsbygoogle\"\n             style=\"display:block\"\n             data-ad-client=\"ca-pub-2605356546213073\"\n             data-ad-format=\"auto\"><\/ins><\/center>\n        <script>\n             (adsbygoogle = window.adsbygoogle || []).push({});\n        <\/script>\n    <\/div><\/p>\n<p>Latem w\u0142osy s\u0105 nara\u017cone na szereg czynnik\u00f3w, kt\u00f3re wp\u0142ywaj\u0105 na ich kondycj\u0119 &#8211; silne promieniowanie UV, suche powietrze, wysokie temperatury oraz kontakt z wod\u0105 morsk\u0105 i chlorowan\u0105.&nbsp;<strong>Ochrona w\u0142os\u00f3w przed s\u0142o\u0144cem<\/strong>&nbsp;staje si\u0119 w tym czasie wa\u017cnym elementem codziennej piel\u0119gnacji, zw\u0142aszcza je\u015bli w\u0142osy s\u0105 farbowane, cienkie lub podatne na przesuszenie.<\/p>\n\n\n\n<p>Postanowili\u015bmy si\u0119 przyjrze\u0107 praktycznym&nbsp;<strong>sposobom zabezpieczania w\u0142os\u00f3w<\/strong>&nbsp;przed szkodliwym dzia\u0142aniem promieniowania UV, a tak\u017ce udzieli\u0107 naszym czytelnikom wskaz\u00f3wki, jak je zregenerowa\u0107 po d\u0142u\u017cszej ekspozycji na s\u0142o\u0144ce.<\/p>\n\n\n\n<h2 class=\"wp-block-heading\" id=\"co-slonce-robi-z-wlosami-efekty-dlugiej-ekspozycji-uv\">Co s\u0142o\u0144ce robi z w\u0142osami? Efekty d\u0142ugiej ekspozycji UV<\/h2>\n\n\n\n<p>W\u0142osy nie maj\u0105 mechanizm\u00f3w obronnych jak sk\u00f3ra. Gdy trafia na nie s\u0142o\u0144ce, nie potrafi\u0105 si\u0119 broni\u0107. UV uszkadza keratynow\u0105 struktur\u0119 w\u0142osa i rozk\u0142ada melaniny, kt\u00f3re odpowiadaj\u0105 za kolor, zar\u00f3wno ten naturalny i farbowany. Z zewn\u0105trz objawia si\u0119 to na kilka sposob\u00f3w:<\/p>\n    <div class=\"ads-by-google-container\" style=\"background: var(--theme-palette-color-6); padding: 10px; margin: 20px 0; position: relative; border-radius: 7px; margin: 0 auto;\">\n        <div style=\"position: absolute; top: 50%; left: 50%; transform: translate(-50%, -50%); color: #ddd; opacity: .5;\"><div class=\"ad-picture\"><img decoding=\"async\" src=\"\/blog\/wp-content\/themes\/bynet\/theme-functions\/assets\/img\/ads.svg\" width=\"21px\" height=\"21px\" alt=\"Reklamy Ads By Google\"><\/div><\/div>\n        <script async src=\"https:\/\/pagead2.googlesyndication.com\/pagead\/js\/adsbygoogle.js?client=ca-pub-2605356546213073\"><\/script>\n        <center><ins class=\"adsbygoogle\"\n             style=\"display:block\"\n             data-ad-client=\"ca-pub-2605356546213073\"\n             data-ad-format=\"auto\"><\/ins><\/center>\n        <script>\n             (adsbygoogle = window.adsbygoogle || []).push({});\n        <\/script>\n    <\/div><\/p>\n\n\n\n<ul class=\"wp-block-list\">\n<li>W\u0142osy staj\u0105 si\u0119\u00a0<strong>matowe, szorstkie i trudne do rozczesania<\/strong>, bo zewn\u0119trzna os\u0142onka \u0142uszczy si\u0119 i traci szczelno\u015b\u0107.<\/li>\n\n\n\n<li>Kolor zar\u00f3wno naturalny, jak i farbowany\u00a0<strong>blaknie lub wpada w niechciane odcienie<\/strong>, np. miedziane czy \u017c\u00f3\u0142tawe.<\/li>\n\n\n\n<li>Sk\u00f3ra g\u0142owy zaczyna\u00a0<strong>piec, sw\u0119dzie\u0107 albo \u0142uszczy\u0107 si\u0119<\/strong>, zw\u0142aszcza je\u015bli dochodzi do poparzenia.<\/li>\n\n\n\n<li>W\u0142osy \u0142ami\u0105 si\u0119 przy ko\u0144c\u00f3wkach, pusz\u0105 i\u00a0<strong>przestaj\u0105 si\u0119 uk\u0142ada\u0107<\/strong>, bo trac\u0105 wilgo\u0107 i spr\u0119\u017cysto\u015b\u0107.<\/li>\n<\/ul>\n\n\n\n<p>To wszystko mo\u017ce si\u0119 dzia\u0107 nawet wtedy, gdy nie opalasz si\u0119 specjalnie, wystarczy codzienny spacer czy wyj\u015bcie po zakupy w upale.<\/p>\n\n\n\n<h2 class=\"wp-block-heading\" id=\"jak-chronic-wlosy-latem-nakrycia-glowy-i-filtry-uv\">Jak chroni\u0107 w\u0142osy latem? Nakrycia g\u0142owy i filtry UV<\/h2>\n\n\n\n<p>Pierwsza i najbardziej podstawowa forma ochrony to nakrycie g\u0142owy. To rozwi\u0105zanie proste, niewymagaj\u0105ce i bardzo skuteczne,&nbsp;<strong>nawet najlepszy spray z filtrem UV nie zast\u0105pi fizycznej bariery, jak\u0105 daje kapelusz czy chusta<\/strong>. Dobrze dobrane nakrycie g\u0142owy os\u0142ania nie tylko w\u0142osy, ale r\u00f3wnie\u017c sk\u00f3r\u0119 g\u0142owy, kt\u00f3ra r\u00f3wnie\u017c mo\u017ce ulec poparzeniu, a jej przesuszenie cz\u0119sto prowadzi do sw\u0119dzenia, \u0142uszczenia si\u0119 i os\u0142abienia cebulek.<\/p>\n\n\n\n<p>W codziennym u\u017cytkowaniu najlepiej sprawdzaj\u0105 si\u0119:<\/p>\n    <div class=\"ads-by-google-container\" style=\"background: var(--theme-palette-color-6); padding: 10px; margin: 20px 0; position: relative; border-radius: 7px; margin: 0 auto;\">\n        <div style=\"position: absolute; top: 50%; left: 50%; transform: translate(-50%, -50%); color: #ddd; opacity: .5;\"><div class=\"ad-picture\"><img decoding=\"async\" src=\"\/blog\/wp-content\/themes\/bynet\/theme-functions\/assets\/img\/ads.svg\" width=\"21px\" height=\"21px\" alt=\"Reklamy Ads By Google\"><\/div><\/div>\n        <script async src=\"https:\/\/pagead2.googlesyndication.com\/pagead\/js\/adsbygoogle.js?client=ca-pub-2605356546213073\"><\/script>\n        <center><ins class=\"adsbygoogle\"\n             style=\"display:block\"\n             data-ad-client=\"ca-pub-2605356546213073\"\n             data-ad-format=\"auto\"><\/ins><\/center>\n        <script>\n             (adsbygoogle = window.adsbygoogle || []).push({});\n        <\/script>\n    <\/div><\/p>\n\n\n\n<ul class=\"wp-block-list\">\n<li><strong>S\u0142omkowe kapelusze z du\u017cym rondem<\/strong>, zapewniaj\u0105 cie\u0144, przepuszczaj\u0105 powietrze i chroni\u0105 ca\u0142e pasma, r\u00f3wnie\u017c przy rozpuszczonych w\u0142osach.<\/li>\n\n\n\n<li><strong>Bawe\u0142niane chusty i lekkie turbany<\/strong>, kt\u00f3re mo\u017cna \u0142atwo zawi\u0105za\u0107 i dopasowa\u0107 do letniego stroju. To dobre rozwi\u0105zanie na pla\u017c\u0119 i podczas aktywno\u015bci na \u015bwie\u017cym powietrzu.<\/li>\n\n\n\n<li><strong>Czapki z daszkiem lub daszki sportowe<\/strong>, kt\u00f3re chroni\u0105 sk\u00f3r\u0119 g\u0142owy i twarz, szczeg\u00f3lnie przy spi\u0119tych w\u0142osach, gdy ca\u0142a d\u0142ugo\u015b\u0107 nie potrzebuje zakrycia, ale skalp ju\u017c tak.<\/li>\n<\/ul>\n\n\n\n<p>Je\u015bli jednak zale\u017cy nam na skutecznej ochronie tak\u017ce podczas opalania, k\u0105pieli lub spacer\u00f3w w upale, to warto po\u0142\u0105czy\u0107 nakrycie g\u0142owy z odpowiedni\u0105 piel\u0119gnacj\u0105.&nbsp;<strong>Kosmetyki z filtrami UV<\/strong>&nbsp;pe\u0142ni\u0105 tu rol\u0119 wsparcia, zabezpieczaj\u0105 d\u0142ugo\u015b\u0107 w\u0142osa przed utrat\u0105 wilgoci, rozk\u0142adem keratyny i blakni\u0119ciem koloru.<\/p>\n\n\n\n<h2 class=\"wp-block-heading\" id=\"kosmetyki-z-filtrem-uv-ktore-naprawde-dzialaja\">Kosmetyki z filtrem UV, kt\u00f3re naprawd\u0119 dzia\u0142aj\u0105?<\/h2>\n\n\n\n<p>Nie ka\u017cdy produkt z wakacyjnym opakowaniem i napisem &#8222;Sun&#8221; daje realn\u0105 ochron\u0119 przed promieniowaniem. Skuteczno\u015b\u0107 kosmetyku zale\u017cy przede wszystkim od rodzaju u\u017cytych filtr\u00f3w \u2013&nbsp;<strong>warto wybiera\u0107 te, kt\u00f3re zawieraj\u0105 zar\u00f3wno filtry UVB, jak i UVA<\/strong>, bo tylko wtedy w\u0142osy b\u0119d\u0105 chronione zar\u00f3wno przed przesuszeniem, jak i utrat\u0105 koloru czy os\u0142abieniem struktury keratynowej. R\u00f3wnie istotne s\u0105 sk\u0142adniki nawil\u017caj\u0105ce i regeneruj\u0105ce, takie jak&nbsp;<strong>aloes, gliceryna, pantenol, mas\u0142o shea czy olej arganowy<\/strong>, kt\u00f3re wspieraj\u0105 w\u0142osy w utrzymaniu elastyczno\u015bci i mi\u0119kko\u015bci.<\/p>\n\n\n\n<p>W praktyce najlepiej sprawdzaj\u0105 si\u0119:<\/p>\n    <div class=\"ads-by-google-container\" style=\"background: var(--theme-palette-color-6); padding: 10px; margin: 20px 0; position: relative; border-radius: 7px; margin: 0 auto;\">\n        <div style=\"position: absolute; top: 50%; left: 50%; transform: translate(-50%, -50%); color: #ddd; opacity: .5;\"><div class=\"ad-picture\"><img decoding=\"async\" src=\"\/blog\/wp-content\/themes\/bynet\/theme-functions\/assets\/img\/ads.svg\" width=\"21px\" height=\"21px\" alt=\"Reklamy Ads By Google\"><\/div><\/div>\n        <script async src=\"https:\/\/pagead2.googlesyndication.com\/pagead\/js\/adsbygoogle.js?client=ca-pub-2605356546213073\"><\/script>\n        <center><ins class=\"adsbygoogle\"\n             style=\"display:block\"\n             data-ad-client=\"ca-pub-2605356546213073\"\n             data-ad-format=\"auto\"><\/ins><\/center>\n        <script>\n             (adsbygoogle = window.adsbygoogle || []).push({});\n        <\/script>\n    <\/div><\/p>\n\n\n\n<ul class=\"wp-block-list\">\n<li><strong>Mgie\u0142ki ochronne z filtrem UV<\/strong>, kt\u00f3re mo\u017cna nosi\u0107 w torebce i stosowa\u0107 w ci\u0105gu dnia &#8211; nawet kilka razy dziennie, zw\u0142aszcza po k\u0105pieli w morzu lub basenie. Nie obci\u0105\u017caj\u0105 w\u0142os\u00f3w i nie zostawiaj\u0105 lepkiej warstwy, a daj\u0105 szybki efekt zabezpieczenia przed promieniowaniem.<\/li>\n\n\n\n<li><strong>Od\u017cywki bez sp\u0142ukiwania<\/strong>, kt\u00f3re nak\u0142ada si\u0119 na wilgotne lub suche w\u0142osy &#8211; tworz\u0105 cienk\u0105 pow\u0142ok\u0119 ochronn\u0105 i jednocze\u015bnie u\u0142atwiaj\u0105 rozczesywanie. Dobrze, je\u015bli s\u0105 lekkie i nie zawieraj\u0105 alkoholu wysuszaj\u0105cego.<\/li>\n\n\n\n<li><strong>Naturalne oleje ro\u015blinne z lekkim filtrem UV<\/strong>, np. z pestek malin, marchwi, awokado czy sezamu. Dzia\u0142aj\u0105 bardziej jak wsparcie ni\u017c blokada, ale poprawiaj\u0105 kondycj\u0119 w\u0142osa i zabezpieczaj\u0105 ko\u0144c\u00f3wki przed \u0142amaniem.<\/li>\n<\/ul>\n\n\n\n<p>Warto podej\u015b\u0107 do tematu kompleksowo,&nbsp;<strong>mgie\u0142ka na dzie\u0144, kapelusz w pe\u0142nym s\u0142o\u0144cu, a na wiecz\u00f3r maska nawil\u017caj\u0105ca lub kuracja regeneruj\u0105ca<\/strong>. To po\u0142\u0105czenie lekkiej ochrony i intensywnej piel\u0119gnacji daje najlepsze efekty i pozwala zachowa\u0107 w\u0142osy w dobrej formie przez ca\u0142y sezon.<\/p>\n\n\n\n<h2 class=\"wp-block-heading\" id=\"regeneracja-wlosow-po-sloncu-co-naprawde-dziala\">Regeneracja w\u0142os\u00f3w po s\u0142o\u0144cu, co naprawd\u0119 dzia\u0142a?<\/h2>\n\n\n\n<p>Je\u015bli w\u0142osy ju\u017c dosta\u0142y w ko\u015b\u0107, trzeba dzia\u0142a\u0107 szybko, najlepiej jeszcze przed ko\u0144cem urlopu. Odbudowa po d\u0142u\u017cszej ekspozycji na s\u0142o\u0144ce powinna \u0142\u0105czy\u0107&nbsp;<strong>nawil\u017cenie, od\u017cywienie i wsparcie sk\u00f3ry g\u0142owy<\/strong>, bo to od niej zaczyna si\u0119 ca\u0142y proces wzrostu zdrowych w\u0142os\u00f3w.<\/p>\n\n\n\n<p>W pierwszej kolejno\u015bci warto si\u0119gn\u0105\u0107 po:<\/p>\n    <div class=\"ads-by-google-container\" style=\"background: var(--theme-palette-color-6); padding: 10px; margin: 20px 0; position: relative; border-radius: 7px; margin: 0 auto;\">\n        <div style=\"position: absolute; top: 50%; left: 50%; transform: translate(-50%, -50%); color: #ddd; opacity: .5;\"><div class=\"ad-picture\"><img decoding=\"async\" src=\"\/blog\/wp-content\/themes\/bynet\/theme-functions\/assets\/img\/ads.svg\" width=\"21px\" height=\"21px\" alt=\"Reklamy Ads By Google\"><\/div><\/div>\n        <script async src=\"https:\/\/pagead2.googlesyndication.com\/pagead\/js\/adsbygoogle.js?client=ca-pub-2605356546213073\"><\/script>\n        <center><ins class=\"adsbygoogle\"\n             style=\"display:block\"\n             data-ad-client=\"ca-pub-2605356546213073\"\n             data-ad-format=\"auto\"><\/ins><\/center>\n        <script>\n             (adsbygoogle = window.adsbygoogle || []).push({});\n        <\/script>\n    <\/div><\/p>\n\n\n\n<ul class=\"wp-block-list\">\n<li><strong>Szampony regeneruj\u0105ce<\/strong>, kt\u00f3re nie tylko oczyszczaj\u0105 z resztek soli, piasku czy filtr\u00f3w z kosmetyk\u00f3w, ale przede wszystkim\u00a0<strong>dzia\u0142aj\u0105 \u0142agodnie<\/strong>\u00a0&#8211; bez SLS i silnych detergent\u00f3w. Dobry szampon po s\u0142o\u0144cu powinien mie\u0107 sk\u0142adniki koj\u0105ce (np. pantenol, alantoin\u0119) i wspomaga\u0107 barier\u0119 hydrolipidow\u0105 sk\u00f3ry g\u0142owy.<\/li>\n\n\n\n<li><strong>Od\u017cywki i maski g\u0142\u0119boko nawil\u017caj\u0105ce<\/strong>, najlepiej takie, kt\u00f3re \u0142\u0105cz\u0105\u00a0<strong>humektanty (np. gliceryn\u0119, kwas hialuronowy)<\/strong>\u00a0z\u00a0<strong>proteinami ro\u015blinnymi lub keratyn\u0105<\/strong>. Humektanty przyci\u0105gaj\u0105 wilgo\u0107 do wn\u0119trza w\u0142osa, a proteiny pomagaj\u0105 odbudowa\u0107 jego struktur\u0119, je\u015bli zosta\u0142a naruszona przez promieniowanie UV czy s\u00f3l morsk\u0105.<\/li>\n\n\n\n<li><strong>Wcierki i p\u0142ukanki zio\u0142owe<\/strong>\u00a0to \u015bwietna opcja na ukojenie sk\u00f3ry g\u0142owy i wsparcie odrostu. Zio\u0142a takie jak\u00a0<strong>pokrzywa, skrzyp polny czy rumianek<\/strong>\u00a0poprawiaj\u0105 mikrokr\u0105\u017cenie, wzmacniaj\u0105 cebulki i pomagaj\u0105 ograniczy\u0107 nadmierne wypadanie w\u0142os\u00f3w po lecie. Warto je w\u0142\u0105czy\u0107 cho\u0107by raz, dwa razy w tygodniu.<\/li>\n<\/ul>\n\n\n\n<p>Dobrze jest potraktowa\u0107 w\u0142osy jak po intensywnym zabiegu chemicznym,&nbsp;<strong>nie obci\u0105\u017ca\u0107 ich stylizacj\u0105, nie u\u017cywa\u0107 prostownicy i nie upina\u0107 zbyt ciasno<\/strong>, \u017ceby nie pog\u0142\u0119bi\u0107 mikrouszkodze\u0144. Nawet 2 &#8211; 3 tygodnie intensywnej regeneracji mog\u0105 wyra\u017anie poprawi\u0107 ich wygl\u0105d i elastyczno\u015b\u0107.<\/p>\n\n\n\n<p>Wszystko, co potrzebne do letniej regeneracji, od&nbsp;<strong>szampon\u00f3w i od\u017cywek, po wcierki, maski i olejki<\/strong>&nbsp;znajdziesz tutaj:&nbsp;<a class=\"\" href=\"https:\/\/www.apo-discounter.pl\/kosmetyki-do-wlosow-c-295\" target=\"_blank\" rel=\"noopener\">https:\/\/www.apo-discounter.pl\/kosmetyki-do-wlosow-c-295<\/a>. Warto wybra\u0107 produkty dopasowane do typu w\u0142os\u00f3w i potrzeb sk\u00f3ry g\u0142owy, to klucz do skutecznej piel\u0119gnacji po sezonie letnim.<\/p>\n\n\n\n<h2 class=\"wp-block-heading\" id=\"domowe-sposoby-na-wlosy-po-sloncu-szybka-pomoc-z-kuchni\">Domowe sposoby na w\u0142osy po s\u0142o\u0144cu, szybka pomoc<\/h2>\n\n\n\n<p>Nie zawsze trzeba inwestowa\u0107 w profesjonalne kuracje, \u017ceby poprawi\u0107 kondycj\u0119 w\u0142os\u00f3w po intensywnym s\u0142o\u0144cu. Domowe sk\u0142adniki&nbsp;<em>\u2013 proste i dost\u0119pne \u2013<\/em>&nbsp;mog\u0105 zadzia\u0142a\u0107 r\u00f3wnie skutecznie, zw\u0142aszcza je\u015bli w\u0142osy potrzebuj\u0105 natychmiastowego nawil\u017cenia i wyg\u0142adzenia. Sprawdzaj\u0105 si\u0119 jako szybkie wsparcie mi\u0119dzy myciami, ale tak\u017ce jako uzupe\u0142nienie codziennej piel\u0119gnacji.<\/p>\n    <div class=\"ads-by-google-container\" style=\"background: var(--theme-palette-color-6); padding: 10px; margin: 20px 0; position: relative; border-radius: 7px; margin: 0 auto;\">\n        <div style=\"position: absolute; top: 50%; left: 50%; transform: translate(-50%, -50%); color: #ddd; opacity: .5;\"><div class=\"ad-picture\"><img decoding=\"async\" src=\"\/blog\/wp-content\/themes\/bynet\/theme-functions\/assets\/img\/ads.svg\" width=\"21px\" height=\"21px\" alt=\"Reklamy Ads By Google\"><\/div><\/div>\n        <script async src=\"https:\/\/pagead2.googlesyndication.com\/pagead\/js\/adsbygoogle.js?client=ca-pub-2605356546213073\"><\/script>\n        <center><ins class=\"adsbygoogle\"\n             style=\"display:block\"\n             data-ad-client=\"ca-pub-2605356546213073\"\n             data-ad-format=\"auto\"><\/ins><\/center>\n        <script>\n             (adsbygoogle = window.adsbygoogle || []).push({});\n        <\/script>\n    <\/div><\/p>\n\n\n\n<p>Oto kilka naturalnych sposob\u00f3w, kt\u00f3re naprawd\u0119 dzia\u0142aj\u0105:<\/p>\n\n\n\n<ul class=\"wp-block-list\">\n<li><strong>Maseczka z awokado i oliwy z oliwek<\/strong>\u00a0to klasyka, kt\u00f3ra nie zawodzi. Dojrza\u0142e awokado dostarcza zdrowych t\u0142uszcz\u00f3w i witamin A, E oraz B5, a oliwa dzia\u0142a wyg\u0142adzaj\u0105co i ochronnie. Tak\u0105 mikstur\u0119 warto na\u0142o\u017cy\u0107 na wilgotne w\u0142osy, skupi\u0107 si\u0119 na ko\u0144c\u00f3wkach i owin\u0105\u0107 ca\u0142o\u015b\u0107 w czepek lub r\u0119cznik na minimum 30 minut.<\/li>\n\n\n\n<li><strong>P\u0142ukanka z siemienia lnianego<\/strong>\u00a0&#8211; przygotowana z 1 &#8211; 2 \u0142y\u017cek nasion i szklanki wody, tworzy naturalny \u017cel, kt\u00f3ry po przestudzeniu mo\u017cna wciera\u0107 we w\u0142osy lub sk\u00f3r\u0119 g\u0142owy. Dzia\u0142a jak lekka od\u017cywka bez sp\u0142ukiwania &#8211; nawil\u017ca, wyg\u0142adza i u\u0142atwia rozczesywanie, bez efektu obci\u0105\u017cenia.<\/li>\n\n\n\n<li><strong>Olejowanie na noc<\/strong>\u00a0\u2013 to \u015bwietny spos\u00f3b na domkni\u0119cie \u0142usek w\u0142osa po ca\u0142ym dniu na s\u0142o\u0144cu. Najlepiej sprawdz\u0105 si\u0119 oleje p\u00f3\u0142t\u0142uste i lekkie, jak kokosowy, arganowy, migda\u0142owy czy z pestek winogron. Nak\u0142ada si\u0119 je na suche lub lekko zwil\u017cone w\u0142osy, zostawia na kilka godzin (albo ca\u0142\u0105 noc), a rano zmywa delikatnym szamponem.<\/li>\n<\/ul>\n\n\n\n<p>Wa\u017cne, \u017ceby przy takich zabiegach zachowa\u0107 umiar. Naturalne kuracje nie powinny by\u0107 stosowane zbyt cz\u0119sto,&nbsp;<strong>2 &#8211; 3 razy w tygodniu w zupe\u0142no\u015bci wystarczy<\/strong>, \u017ceby poprawi\u0107 elastyczno\u015b\u0107, zmniejszy\u0107 puszenie i odzyska\u0107 po\u0142ysk. Po ka\u017cdej aplikacji warto dok\u0142adnie zmy\u0107 produkt, \u017ceby nie obci\u0105\u017cy\u0107 w\u0142os\u00f3w ani nie podra\u017cni\u0107 sk\u00f3ry g\u0142owy.<\/p>\n\n\n\n<p>Domowe sposoby nie zast\u0105pi\u0105 pe\u0142nej regeneracji, ale jako szybkie SOS po pla\u017cy, wyje\u017adzie w g\u00f3ry czy dniu w mie\u015bcie pe\u0142nym s\u0142o\u0144ca sprawdzaj\u0105 si\u0119 doskonale.<\/p>\n    <div class=\"ads-by-google-container\" style=\"background: var(--theme-palette-color-6); padding: 10px; margin: 20px 0; position: relative; border-radius: 7px; margin: 0 auto;\">\n        <div style=\"position: absolute; top: 50%; left: 50%; transform: translate(-50%, -50%); color: #ddd; opacity: .5;\"><div class=\"ad-picture\"><img decoding=\"async\" src=\"\/blog\/wp-content\/themes\/bynet\/theme-functions\/assets\/img\/ads.svg\" width=\"21px\" height=\"21px\" alt=\"Reklamy Ads By Google\"><\/div><\/div>\n        <script async src=\"https:\/\/pagead2.googlesyndication.com\/pagead\/js\/adsbygoogle.js?client=ca-pub-2605356546213073\"><\/script>\n        <center><ins class=\"adsbygoogle\"\n             style=\"display:block\"\n             data-ad-client=\"ca-pub-2605356546213073\"\n             data-ad-format=\"auto\"><\/ins><\/center>\n        <script>\n             (adsbygoogle = window.adsbygoogle || []).push({});\n        <\/script>\n    <\/div><\/p>\n\n\n\n<h2 class=\"wp-block-heading\" id=\"faq-czyli-pytania-ktore-wracaja-co-lato\">FAQ \u2013 czyli pytania, kt\u00f3re wracaj\u0105 co lato<\/h2>\n\n\n\n<h3 class=\"wp-block-heading\">Czy mo\u017cna naprawi\u0107 w\u0142osy spalone s\u0142o\u0144cem?<\/h3>\n\n\n\n<p>Tak, ale nie w 100%. Najlepsze efekty daj\u0105 kuracje regeneruj\u0105ce i podci\u0119cie zniszczonych ko\u0144c\u00f3wek.<\/p>\n\n\n\n<h3 class=\"wp-block-heading\">Czy filtr UV w kosmetykach naprawd\u0119 dzia\u0142a?<\/h3>\n\n\n\n<p>Dzia\u0142a, je\u015bli jest stosowany regularnie i w odpowiedniej ilo\u015bci \u2013 zw\u0142aszcza mgie\u0142ki i olejki na koniec stylizacji.<\/p>\n\n\n\n<h3 class=\"wp-block-heading\">Czy trzeba my\u0107 w\u0142osy codziennie po pla\u017cy?<\/h3>\n\n\n\n<p>Tak, je\u015bli by\u0142y zanurzone w s\u0142onej wodzie lub chlorowanej, ale najlepiej u\u017cywa\u0107 delikatnych, nawil\u017caj\u0105cych szampon\u00f3w.<\/p>\n    <div class=\"ads-by-google-container\" style=\"background: var(--theme-palette-color-6); padding: 10px; margin: 20px 0; position: relative; border-radius: 7px; margin: 0 auto;\">\n        <div style=\"position: absolute; top: 50%; left: 50%; transform: translate(-50%, -50%); color: #ddd; opacity: .5;\"><div class=\"ad-picture\"><img decoding=\"async\" src=\"\/blog\/wp-content\/themes\/bynet\/theme-functions\/assets\/img\/ads.svg\" width=\"21px\" height=\"21px\" alt=\"Reklamy Ads By Google\"><\/div><\/div>\n        <script async src=\"https:\/\/pagead2.googlesyndication.com\/pagead\/js\/adsbygoogle.js?client=ca-pub-2605356546213073\"><\/script>\n        <center><ins class=\"adsbygoogle\"\n             style=\"display:block\"\n             data-ad-client=\"ca-pub-2605356546213073\"\n             data-ad-format=\"auto\"><\/ins><\/center>\n        <script>\n             (adsbygoogle = window.adsbygoogle || []).push({});\n        <\/script>\n    <\/div><\/p>\n\n\n\n<h3 class=\"wp-block-heading\">Co z w\u0142osami dzieci?<\/h3>\n\n\n\n<p>Obowi\u0105zkowo czapka + spray ochronny. Sk\u00f3ra g\u0142owy u dzieci jest cie\u0144sza i wra\u017cliwsza ni\u017c u doros\u0142ych.<\/p>\n    <div class=\"ads-by-google-container\" style=\"background: var(--theme-palette-color-6); padding: 10px; margin: 20px 0; position: relative; border-radius: 7px; margin: 0 auto;\">\n        <div style=\"position: absolute; top: 50%; left: 50%; transform: translate(-50%, -50%); color: #ddd; opacity: .5;\"><div class=\"ad-picture\"><img decoding=\"async\" src=\"\/blog\/wp-content\/themes\/bynet\/theme-functions\/assets\/img\/ads.svg\" width=\"21px\" height=\"21px\" alt=\"Reklamy Ads By Google\"><\/div><\/div>\n        <script async src=\"https:\/\/pagead2.googlesyndication.com\/pagead\/js\/adsbygoogle.js?client=ca-pub-2605356546213073\"><\/script>\n        <center><ins class=\"adsbygoogle\"\n             style=\"display:block\"\n             data-ad-client=\"ca-pub-2605356546213073\"\n             data-ad-format=\"auto\"><\/ins><\/center>\n        <script>\n             (adsbygoogle = window.adsbygoogle || []).push({});\n        <\/script>\n    <\/div><\/p>","protected":false},"excerpt":{"rendered":"<p>Latem w\u0142osy s\u0105 nara\u017cone na szereg czynnik\u00f3w, kt\u00f3re wp\u0142ywaj\u0105 na ich kondycj\u0119 &#8211; silne promieniowanie UV, suche powietrze, wysokie temperatury oraz kontakt z wod\u0105 morsk\u0105 i chlorowan\u0105.&nbsp;Ochrona w\u0142os\u00f3w przed s\u0142o\u0144cem&nbsp;staje si\u0119 w tym czasie wa\u017cnym elementem codziennej piel\u0119gnacji, zw\u0142aszcza je\u015bli w\u0142osy s\u0105 farbowane, cienkie lub podatne na przesuszenie. Postanowili\u015bmy si\u0119 przyjrze\u0107 praktycznym&nbsp;sposobom zabezpieczania w\u0142os\u00f3w&nbsp;przed szkodliwym [&hellip;]<\/p>\n","protected":false},"author":2,"featured_media":0,"comment_status":"open","ping_status":"open","sticky":false,"template":"","format":"standard","meta":{"footnotes":""},"categories":[1],"tags":[],"class_list":["post-33","post","type-post","status-publish","format-standard","hentry","category-wpisy-archiwalne"],"blocksy_meta":[],"_links":{"self":[{"href":"https:\/\/bynet.pl\/blog\/wp-json\/wp\/v2\/posts\/33","targetHints":{"allow":["GET"]}}],"collection":[{"href":"https:\/\/bynet.pl\/blog\/wp-json\/wp\/v2\/posts"}],"about":[{"href":"https:\/\/bynet.pl\/blog\/wp-json\/wp\/v2\/types\/post"}],"author":[{"embeddable":true,"href":"https:\/\/bynet.pl\/blog\/wp-json\/wp\/v2\/users\/2"}],"replies":[{"embeddable":true,"href":"https:\/\/bynet.pl\/blog\/wp-json\/wp\/v2\/comments?post=33"}],"version-history":[{"count":1,"href":"https:\/\/bynet.pl\/blog\/wp-json\/wp\/v2\/posts\/33\/revisions"}],"predecessor-version":[{"id":34,"href":"https:\/\/bynet.pl\/blog\/wp-json\/wp\/v2\/posts\/33\/revisions\/34"}],"wp:attachment":[{"href":"https:\/\/bynet.pl\/blog\/wp-json\/wp\/v2\/media?parent=33"}],"wp:term":[{"taxonomy":"category","embeddable":true,"href":"https:\/\/bynet.pl\/blog\/wp-json\/wp\/v2\/categories?post=33"},{"taxonomy":"post_tag","embeddable":true,"href":"https:\/\/bynet.pl\/blog\/wp-json\/wp\/v2\/tags?post=33"}],"curies":[{"name":"wp","href":"https:\/\/api.w.org\/{rel}","templated":true}]}}